{"id":843,"date":"2024-08-26T19:45:27","date_gmt":"2024-08-26T17:45:27","guid":{"rendered":"https:\/\/www.oshrychnov.cz\/mladez\/?p=843"},"modified":"2024-08-26T19:45:35","modified_gmt":"2024-08-26T17:45:35","slug":"porada-vedoucich-kolektivu-mladeze-5-9-2024","status":"publish","type":"post","link":"https:\/\/www.oshrychnov.cz\/mladez\/2024\/08\/26\/porada-vedoucich-kolektivu-mladeze-5-9-2024\/nezarazene\/","title":{"rendered":"Porada vedouc\u00edch kolektiv\u016f ml\u00e1de\u017ee &#8211; 5.9.2024"},"content":{"rendered":"<p class=\"-wm-msonormal\"><b><i><u><span style=\"font-family: 'Arial',sans-serif;\">OSH Rychnov n.Kn \u2013 odborn\u00e1 rada ml\u00e1de\u017ee<\/span><\/u><\/i><\/b><\/p>\n<p class=\"-wm-msonormal\"><span style=\"font-family: 'Arial',sans-serif;\">V\u011bc: \u00a0<b>Pozv\u00e1nka na poradu vedouc\u00edch ml\u00e1de\u017ee<\/b><\/span><\/p>\n<p class=\"-wm-msonormal\"><span style=\"font-family: 'Arial',sans-serif;\">\u00a0<b>kter\u00e1 prob\u011bhne ve \u010dtvrtek 5.&nbsp;z\u00e1\u0159\u00ed 2024 od 16:30 hod<\/b><\/span><\/p>\n<p class=\"-wm-msonormal\"><b><span style=\"font-family: 'Arial',sans-serif;\">v\u00a0zasedac\u00ed m\u00edstnosti hasi\u010dsk\u00e9 zbrojnice v&nbsp;Opo\u010dn\u011b<\/span><\/b><\/p>\n<p class=\"-wm-msonormal\"><b>\u00a0<\/b>\u00a0Program :<\/p>\n<p class=\"-wm-msonormal\">\u00a0\u00a0 1)\u00a0\u00a0 registrace kolektiv\u016f pro sout\u011b\u017en\u00ed ro\u010dn\u00edk 2024 \u2013 25 (Losov\u00e1n\u00ed start.\u010d\u00edsel)<\/p>\n<p class=\"-wm-msonormal\">\u00a0 2)\u00a0\u00a0\u00a0\u00a0\u00a0p\u0159\u00edprava ZHVB<\/p>\n<p class=\"-wm-msonormal\">\u00a0 3)\u00a0\u00a0\u00a0\u00a0\u00a0okresn\u00ed liga ml\u00e1de\u017ee 2024 &#8211; 25<\/p>\n<p class=\"-wm-msonormal\">\u00a0 4)\u00a0\u00a0\u00a0\u00a0\u00a0R\u016fzn\u00e9<\/p>\n<p class=\"-wm-msonormal\">\u00a0<b><span style=\"font-family: 'Arial',sans-serif;\">Pokud v\u00edte \u017ee se V\u00e1\u0161 kolektiv ZPV nez\u00fa\u010dastn\u00ed, oznamte to pros\u00edm do 6.9.&nbsp;2024<\/span><\/b><\/p>\n<p class=\"-wm-msonormal\"><b><span style=\"font-family: 'Arial',sans-serif;\">na adresu :\u00a0<\/span><\/b><a href=\"mailto:mladez@oshrychnov.cz\"><b><span style=\"font-family: 'Arial',sans-serif;\">mladez@oshrychnov.cz<\/span><\/b><\/a><b><span style=\"font-family: 'Arial',sans-serif;\">\u00a0 , p\u0159\u00edpadn\u011b na moji e-mailovou adresu\u00a0<\/span><\/b><a href=\"mailto:ptacekotto@seznam.cz\"><span style=\"font-family: 'Arial',sans-serif;\">ptacekotto@seznam.cz<\/span><\/a><b><span style=\"font-family: 'Arial',sans-serif;\">\u00a0\u00a0<\/span><\/b><\/p>\n<p class=\"-wm-msonormal\"><b><span style=\"font-family: 'Arial',sans-serif;\">Rovn\u011b\u017e v&nbsp;p\u0159\u00edpad\u011b, \u017ee se porady nem\u016f\u017eete z\u00fa\u010dastnit, nahl\u00e1s\u00edte na uveden\u00e9 e-mailov\u00e9 adresy n\u00e1sleduj\u00edc\u00ed \u00fadaje: \u00a0kategorii a po\u010det hl\u00eddek, kter\u00e9 budou za V\u00e1\u0161 sbor startovat.\u00a0<\/span><\/b><\/p>\n<p class=\"-wm-msonormal\"><b><span style=\"font-family: 'Arial',sans-serif;\">Upozor\u0148ujeme, \u017ee u hasi\u010dsk\u00e9 zbrojnice je omezen\u00fd prostor pro parkov\u00e1n\u00ed, z\u00a0d\u016fvodu zaji\u0161t\u011bn\u00ed\u00a0 dostatku m\u00edsta v\u00a0p\u0159\u00edpad\u011b v\u00fdjezdu jednotky vyu\u017eijte pro parkov\u00e1n\u00ed vozidel parkovi\u0161t\u011b na n\u00e1m\u011bst\u00ed.<\/span><\/b><\/p>\n<p class=\"-wm-msonormal\" style=\"margin-bottom: 0cm;\"><span style=\"font-family: 'Arial',sans-serif;\">Otto Pt\u00e1\u010dek\u00a0\u00a0v.r.\u00a0\u00a0\u00a0\u00a0\u00a0 \u00a0 \u00a0 \u00a0 \u00a0 \u00a0 \u00a0 \u00a0 \u00a0 \u00a0 \u00a0 \u00a0 \u00a0 \u00a0 \u00a0\u00a0\u00a0\u00a0\u00a0\u00a0\u00a0\u00a0\u00a0\u00a0\u00a0\u00a0\u00a0\u00a0\u00a0\u00a0\u00a0\u00a0\u00a0\u00a0\u00a0\u00a0\u00a0\u00a0\u00a0\u00a0\u00a0\u00a0\u00a0\u00a0\u00a0\u00a0\u00a0\u00a0\u00a0\u00a0\u00a0\u00a0\u00a0\u00a0\u00a0\u00a0\u00a0\u00a0\u00a0\u00a0\u00a0\u00a0\u00a0\u00a0\u00a0\u00a0\u00a0\u00a0\u00a0\u00a0\u00a0\u00a0\u00a0\u00a0\u00a0\u00a0\u00a0\u00a0\u00a0\u00a0\u00a0\u00a0\u00a0\u00a0\u00a0\u00a0\u00a0\u00a0\u00a0\u00a0\u00a0\u00a0\u00a0\u00a0\u00a0\u00a0<\/span><\/p>\n<p class=\"-wm-msonormal\" style=\"margin-bottom: 0cm;\"><span style=\"font-family: 'Arial',sans-serif;\">vedouc\u00ed OORM<\/span><\/p>\n","protected":false},"excerpt":{"rendered":"<p>OSH Rychnov n.Kn \u2013 odborn\u00e1 rada ml\u00e1de\u017ee V\u011bc: \u00a0Pozv\u00e1nka na poradu vedouc\u00edch ml\u00e1de\u017ee \u00a0kter\u00e1 prob\u011bhne ve \u010dtvrtek 5.&nbsp;z\u00e1\u0159\u00ed 2024 od 16:30 hod v\u00a0zasedac\u00ed m\u00edstnosti hasi\u010dsk\u00e9 zbrojnice v&nbsp;Opo\u010dn\u011b \u00a0\u00a0Program : \u00a0\u00a0 &hellip;<br \/><a href=\"https:\/\/www.oshrychnov.cz\/mladez\/2024\/08\/26\/porada-vedoucich-kolektivu-mladeze-5-9-2024\/nezarazene\/\" class=\"more-link pen_button pen_element_default pen_icon_arrow_double\">Pokra\u010dovat ve\u00a0\u010dten\u00ed <span class=\"screen-reader-text\">Porada vedouc\u00edch kolektiv\u016f ml\u00e1de\u017ee &#8211; 5.9.2024<\/span><\/a><\/p>\n","protected":false},"author":1,"featured_media":0,"comment_status":"closed","ping_status":"open","sticky":true,"template":"","format":"standard","meta":{"footnotes":""},"categories":[1],"tags":[],"class_list":["post-843","post","type-post","status-publish","format-standard","hentry","category-nezarazene"],"aioseo_notices":[],"_links":{"self":[{"href":"https:\/\/www.oshrychnov.cz\/mladez\/wp-json\/wp\/v2\/posts\/843","targetHints":{"allow":["GET"]}}],"collection":[{"href":"https:\/\/www.oshrychnov.cz\/mladez\/wp-json\/wp\/v2\/posts"}],"about":[{"href":"https:\/\/www.oshrychnov.cz\/mladez\/wp-json\/wp\/v2\/types\/post"}],"author":[{"embeddable":true,"href":"https:\/\/www.oshrychnov.cz\/mladez\/wp-json\/wp\/v2\/users\/1"}],"replies":[{"embeddable":true,"href":"https:\/\/www.oshrychnov.cz\/mladez\/wp-json\/wp\/v2\/comments?post=843"}],"version-history":[{"count":1,"href":"https:\/\/www.oshrychnov.cz\/mladez\/wp-json\/wp\/v2\/posts\/843\/revisions"}],"predecessor-version":[{"id":844,"href":"https:\/\/www.oshrychnov.cz\/mladez\/wp-json\/wp\/v2\/posts\/843\/revisions\/844"}],"wp:attachment":[{"href":"https:\/\/www.oshrychnov.cz\/mladez\/wp-json\/wp\/v2\/media?parent=843"}],"wp:term":[{"taxonomy":"category","embeddable":true,"href":"https:\/\/www.oshrychnov.cz\/mladez\/wp-json\/wp\/v2\/categories?post=843"},{"taxonomy":"post_tag","embeddable":true,"href":"https:\/\/www.oshrychnov.cz\/mladez\/wp-json\/wp\/v2\/tags?post=843"}],"curies":[{"name":"wp","href":"https:\/\/api.w.org\/{rel}","templated":true}]}}