{"id":775,"date":"2024-08-14T08:44:48","date_gmt":"2024-08-14T06:44:48","guid":{"rendered":"https:\/\/www.oshrychnov.cz\/mladez\/?p=775"},"modified":"2024-08-14T08:44:48","modified_gmt":"2024-08-14T06:44:48","slug":"seznam-kvalifikovanych-vedoucich-mladeze-ke-dni-14-8-2024","status":"publish","type":"post","link":"https:\/\/www.oshrychnov.cz\/mladez\/2024\/08\/14\/seznam-kvalifikovanych-vedoucich-mladeze-ke-dni-14-8-2024\/nezarazene\/","title":{"rendered":"Seznam kvalifikovan\u00fdch vedouc\u00edch ml\u00e1de\u017ee ke dni 14.8.2024"},"content":{"rendered":"<p><strong>POZOR! K&nbsp;OTEV\u0158EN\u00cd DOKUMENTU PLAT\u00cd STEJN\u00c9 HESLO JAKO U MINUL\u00c9HO P\u0158EHLEDU.<\/strong><\/p>\n<p><strong>POKUD HESLO NEM\u00c1TE, VY\u017d\u00c1DEJTE SI HO TELEFONICKY NA \u010c\u00cdSLE 606&nbsp;561&nbsp;071 NEBO MAILEM NA michal.dusilek@post.cz<\/strong><\/p>\n<p><a href=\"https:\/\/www.oshrychnov.cz\/mladez\/wp-content\/uploads\/2024\/08\/kvalifikovanivedouci_srpen24-1.pdf\">Kvalifikovan\u00ed vedouc\u00ed ml\u00e1de\u017ee okresu Rychnov nad Kn\u011b\u017enou<\/a><\/p>\n","protected":false},"excerpt":{"rendered":"<p>POZOR! K&nbsp;OTEV\u0158EN\u00cd DOKUMENTU PLAT\u00cd STEJN\u00c9 HESLO JAKO U MINUL\u00c9HO P\u0158EHLEDU. POKUD HESLO NEM\u00c1TE, VY\u017d\u00c1DEJTE SI HO TELEFONICKY NA \u010c\u00cdSLE 606&nbsp;561&nbsp;071 NEBO MAILEM NA michal.dusilek@post.cz Kvalifikovan\u00ed vedouc\u00ed ml\u00e1de\u017ee okresu Rychnov nad &hellip;<br \/><a href=\"https:\/\/www.oshrychnov.cz\/mladez\/2024\/08\/14\/seznam-kvalifikovanych-vedoucich-mladeze-ke-dni-14-8-2024\/nezarazene\/\" class=\"more-link pen_button pen_element_default pen_icon_arrow_double\">Pokra\u010dovat ve\u00a0\u010dten\u00ed <span class=\"screen-reader-text\">Seznam kvalifikovan\u00fdch vedouc\u00edch ml\u00e1de\u017ee ke dni 14.8.2024<\/span><\/a><\/p>\n","protected":false},"author":1,"featured_media":0,"comment_status":"closed","ping_status":"open","sticky":true,"template":"","format":"standard","meta":{"footnotes":""},"categories":[1],"tags":[],"class_list":["post-775","post","type-post","status-publish","format-standard","hentry","category-nezarazene"],"aioseo_notices":[],"_links":{"self":[{"href":"https:\/\/www.oshrychnov.cz\/mladez\/wp-json\/wp\/v2\/posts\/775","targetHints":{"allow":["GET"]}}],"collection":[{"href":"https:\/\/www.oshrychnov.cz\/mladez\/wp-json\/wp\/v2\/posts"}],"about":[{"href":"https:\/\/www.oshrychnov.cz\/mladez\/wp-json\/wp\/v2\/types\/post"}],"author":[{"embeddable":true,"href":"https:\/\/www.oshrychnov.cz\/mladez\/wp-json\/wp\/v2\/users\/1"}],"replies":[{"embeddable":true,"href":"https:\/\/www.oshrychnov.cz\/mladez\/wp-json\/wp\/v2\/comments?post=775"}],"version-history":[{"count":1,"href":"https:\/\/www.oshrychnov.cz\/mladez\/wp-json\/wp\/v2\/posts\/775\/revisions"}],"predecessor-version":[{"id":776,"href":"https:\/\/www.oshrychnov.cz\/mladez\/wp-json\/wp\/v2\/posts\/775\/revisions\/776"}],"wp:attachment":[{"href":"https:\/\/www.oshrychnov.cz\/mladez\/wp-json\/wp\/v2\/media?parent=775"}],"wp:term":[{"taxonomy":"category","embeddable":true,"href":"https:\/\/www.oshrychnov.cz\/mladez\/wp-json\/wp\/v2\/categories?post=775"},{"taxonomy":"post_tag","embeddable":true,"href":"https:\/\/www.oshrychnov.cz\/mladez\/wp-json\/wp\/v2\/tags?post=775"}],"curies":[{"name":"wp","href":"https:\/\/api.w.org\/{rel}","templated":true}]}}