{"id":698,"date":"2023-12-07T13:53:21","date_gmt":"2023-12-07T12:53:21","guid":{"rendered":"https:\/\/www.oshrychnov.cz\/mladez\/?p=698"},"modified":"2023-12-31T14:07:31","modified_gmt":"2023-12-31T13:07:31","slug":"kralovehradecky-kraj-podpora-cinnosti-okrsku-a-sboru-dobrovolnych-hasicu","status":"publish","type":"post","link":"https:\/\/www.oshrychnov.cz\/mladez\/2023\/12\/07\/kralovehradecky-kraj-podpora-cinnosti-okrsku-a-sboru-dobrovolnych-hasicu\/nezarazene\/","title":{"rendered":"Kr\u00e1lov\u00e9hradeck\u00fd kraj &#8211; Podpora \u010dinnosti okrsk\u016f a sbor\u016f dobrovoln\u00fdch hasi\u010d\u016f"},"content":{"rendered":"<p>Na <a href=\"https:\/\/dotace.khk.cz\/grantProgram\/24RRD15\">dota\u010dn\u00edm port\u00e1lu Kr\u00e1lov\u00e9hradeck\u00e9ho kraje<\/a> bylo zp\u0159\u00edstupn\u011bno pod\u00e1van\u00ed \u017e\u00e1dost\u00ed do programu Podpora \u010dinnosti okrsk\u016f a sbor\u016f dobrovoln\u00fdch hasi\u010d\u016f pro rok 2024.<\/p>\n<p><a href=\"https:\/\/www.oshrychnov.cz\/mladez\/wp-content\/uploads\/2023\/12\/Podminky-dotacniho-programu.pdf\">Podm\u00ednky dota\u010dn\u00edho programu<\/a><\/p>\n<p><a href=\"https:\/\/www.oshrychnov.cz\/mladez\/wp-content\/uploads\/2023\/12\/24RRD15_vzor.pdf\">Vzor \u017e\u00e1dosti<\/a><\/p>\n<p>Povinn\u00fdmi sou\u010d\u00e1stmi \u017e\u00e1dosti jsou:<\/p>\n<p><a href=\"https:\/\/www.dh.cz\/index.php\/usek-vnitroorganizacni\/dokumenty\/1535-ziskani-uplneho-vypisu-z-evidence-skutecnych-majitelu\">\u00dapln\u00fd v\u00fdpis z&nbsp;evidence skute\u010dn\u00fdch majitel\u016f<\/a><\/p>\n<p>Identifikace bankovn\u00edho spojen\u00ed \u017eadatele o dotaci<\/p>\n<p>\u017d\u00e1dost je t\u0159eba podat prost\u0159ednictv\u00edm dota\u010dn\u00edho port\u00e1lu a datov\u00e9 schr\u00e1nky nejpozd\u011bji <span style=\"color: #ff0000;\"><strong>10.1.2024 do 10 hodin<\/strong><\/span>.<\/p>\n<p>&nbsp;<\/p>\n","protected":false},"excerpt":{"rendered":"<p>Na dota\u010dn\u00edm port\u00e1lu Kr\u00e1lov\u00e9hradeck\u00e9ho kraje bylo zp\u0159\u00edstupn\u011bno pod\u00e1van\u00ed \u017e\u00e1dost\u00ed do programu Podpora \u010dinnosti okrsk\u016f a sbor\u016f dobrovoln\u00fdch hasi\u010d\u016f pro rok 2024. Podm\u00ednky dota\u010dn\u00edho programu Vzor \u017e\u00e1dosti Povinn\u00fdmi sou\u010d\u00e1stmi \u017e\u00e1dosti jsou: &hellip;<br \/><a href=\"https:\/\/www.oshrychnov.cz\/mladez\/2023\/12\/07\/kralovehradecky-kraj-podpora-cinnosti-okrsku-a-sboru-dobrovolnych-hasicu\/nezarazene\/\" class=\"more-link pen_button pen_element_default pen_icon_arrow_double\">Pokra\u010dovat ve\u00a0\u010dten\u00ed <span class=\"screen-reader-text\">Kr\u00e1lov\u00e9hradeck\u00fd kraj &#8211; Podpora \u010dinnosti okrsk\u016f a sbor\u016f dobrovoln\u00fdch hasi\u010d\u016f<\/span><\/a><\/p>\n","protected":false},"author":1,"featured_media":0,"comment_status":"closed","ping_status":"open","sticky":true,"template":"","format":"standard","meta":{"footnotes":""},"categories":[1],"tags":[],"class_list":["post-698","post","type-post","status-publish","format-standard","hentry","category-nezarazene"],"aioseo_notices":[],"_links":{"self":[{"href":"https:\/\/www.oshrychnov.cz\/mladez\/wp-json\/wp\/v2\/posts\/698","targetHints":{"allow":["GET"]}}],"collection":[{"href":"https:\/\/www.oshrychnov.cz\/mladez\/wp-json\/wp\/v2\/posts"}],"about":[{"href":"https:\/\/www.oshrychnov.cz\/mladez\/wp-json\/wp\/v2\/types\/post"}],"author":[{"embeddable":true,"href":"https:\/\/www.oshrychnov.cz\/mladez\/wp-json\/wp\/v2\/users\/1"}],"replies":[{"embeddable":true,"href":"https:\/\/www.oshrychnov.cz\/mladez\/wp-json\/wp\/v2\/comments?post=698"}],"version-history":[{"count":1,"href":"https:\/\/www.oshrychnov.cz\/mladez\/wp-json\/wp\/v2\/posts\/698\/revisions"}],"predecessor-version":[{"id":701,"href":"https:\/\/www.oshrychnov.cz\/mladez\/wp-json\/wp\/v2\/posts\/698\/revisions\/701"}],"wp:attachment":[{"href":"https:\/\/www.oshrychnov.cz\/mladez\/wp-json\/wp\/v2\/media?parent=698"}],"wp:term":[{"taxonomy":"category","embeddable":true,"href":"https:\/\/www.oshrychnov.cz\/mladez\/wp-json\/wp\/v2\/categories?post=698"},{"taxonomy":"post_tag","embeddable":true,"href":"https:\/\/www.oshrychnov.cz\/mladez\/wp-json\/wp\/v2\/tags?post=698"}],"curies":[{"name":"wp","href":"https:\/\/api.w.org\/{rel}","templated":true}]}}