{"id":566,"date":"2022-11-20T11:51:14","date_gmt":"2022-11-20T10:51:14","guid":{"rendered":"https:\/\/www.oshrychnov.cz\/mladez\/?p=566"},"modified":"2023-12-31T11:59:46","modified_gmt":"2023-12-31T10:59:46","slug":"treninkovy-denik-sportovnich-oddilu","status":"publish","type":"post","link":"https:\/\/www.oshrychnov.cz\/mladez\/2022\/11\/20\/treninkovy-denik-sportovnich-oddilu\/mladi-hasici\/","title":{"rendered":"TR\u00c9NINKOV\u00dd DEN\u00cdK SPORTOVN\u00cdCH ODD\u00cdL\u016e"},"content":{"rendered":"<p>Mil\u00ed vedouc\u00ed,<\/p>\n<p><a href=\"https:\/\/www.oshrychnov.cz\/mladez\/pro-vedouci\/\">zde<\/a> najdete tr\u00e9ninkov\u00fd den\u00edk sportovn\u00edho odd\u00edlu, kter\u00fd m\u016f\u017eete pou\u017e\u00edt jako podklad pro \u017e\u00e1dosti o dotace, u kter\u00fdch je t\u0159eba dokl\u00e1dat pravidelnost pr\u00e1ce s&nbsp;hasi\u010dskou ml\u00e1de\u017e\u00ed.<\/p>\n<p>Je ho v\u0161ak mo\u017en\u00e9 efektivn\u011b pou\u017e\u00edvat i pro b\u011b\u017enou evidenci doch\u00e1zky hasi\u010dsk\u00fdch sportovc\u016f na tr\u00e9ninky a evidenci jejich \u00fa\u010dasti v&nbsp;sout\u011b\u017e\u00edch.<\/p>\n<p>Doporu\u010dujeme den\u00edk nahr\u00e1t na cloud (nap\u0159. Google Disk), aby ho mohli online vypl\u0148ovat v\u0161ichni \u010dlenov\u00e9 a nav\u00edc byla evidence na jednom m\u00edst\u011b.<\/p>\n<p><span style=\"color: #ff0000;\"><strong><a style=\"color: #ff0000;\" href=\"https:\/\/www.oshrychnov.cz\/mladez\/wp-content\/uploads\/2022\/11\/treninkovy-denik-nevyplneny.xlsx\">Pr\u00e1zdn\u00fd den\u00edk ke sta\u017een\u00ed<\/a><\/strong><\/span><\/p>\n<p><span style=\"color: #ff0000;\"><strong><a style=\"color: #ff0000;\" href=\"https:\/\/www.oshrychnov.cz\/mladez\/wp-content\/uploads\/2022\/11\/treninkovy-denik-vyplneny-vzor.xlsx\">Vzor vypln\u011bn\u00ed ke sta\u017een\u00ed<\/a><\/strong><\/span><\/p>\n<p>M.Dus\u00edlek<\/p>\n<p>&nbsp;<\/p>\n<p>&nbsp;<\/p>\n","protected":false},"excerpt":{"rendered":"<p>Mil\u00ed vedouc\u00ed, zde najdete tr\u00e9ninkov\u00fd den\u00edk sportovn\u00edho odd\u00edlu, kter\u00fd m\u016f\u017eete pou\u017e\u00edt jako podklad pro \u017e\u00e1dosti o dotace, u kter\u00fdch je t\u0159eba dokl\u00e1dat pravidelnost pr\u00e1ce s&nbsp;hasi\u010dskou ml\u00e1de\u017e\u00ed. Je ho v\u0161ak mo\u017en\u00e9 &hellip;<br \/><a href=\"https:\/\/www.oshrychnov.cz\/mladez\/2022\/11\/20\/treninkovy-denik-sportovnich-oddilu\/mladi-hasici\/\" class=\"more-link pen_button pen_element_default pen_icon_arrow_double\">Pokra\u010dovat ve\u00a0\u010dten\u00ed <span class=\"screen-reader-text\">TR\u00c9NINKOV\u00dd DEN\u00cdK SPORTOVN\u00cdCH ODD\u00cdL\u016e<\/span><\/a><\/p>\n","protected":false},"author":1,"featured_media":0,"comment_status":"closed","ping_status":"open","sticky":false,"template":"","format":"standard","meta":{"footnotes":""},"categories":[39,42,38,40],"tags":[],"class_list":["post-566","post","type-post","status-publish","format-standard","hentry","category-dorost","category-dotace","category-mladi-hasici","category-pro-vedouci"],"aioseo_notices":[],"_links":{"self":[{"href":"https:\/\/www.oshrychnov.cz\/mladez\/wp-json\/wp\/v2\/posts\/566","targetHints":{"allow":["GET"]}}],"collection":[{"href":"https:\/\/www.oshrychnov.cz\/mladez\/wp-json\/wp\/v2\/posts"}],"about":[{"href":"https:\/\/www.oshrychnov.cz\/mladez\/wp-json\/wp\/v2\/types\/post"}],"author":[{"embeddable":true,"href":"https:\/\/www.oshrychnov.cz\/mladez\/wp-json\/wp\/v2\/users\/1"}],"replies":[{"embeddable":true,"href":"https:\/\/www.oshrychnov.cz\/mladez\/wp-json\/wp\/v2\/comments?post=566"}],"version-history":[{"count":1,"href":"https:\/\/www.oshrychnov.cz\/mladez\/wp-json\/wp\/v2\/posts\/566\/revisions"}],"predecessor-version":[{"id":567,"href":"https:\/\/www.oshrychnov.cz\/mladez\/wp-json\/wp\/v2\/posts\/566\/revisions\/567"}],"wp:attachment":[{"href":"https:\/\/www.oshrychnov.cz\/mladez\/wp-json\/wp\/v2\/media?parent=566"}],"wp:term":[{"taxonomy":"category","embeddable":true,"href":"https:\/\/www.oshrychnov.cz\/mladez\/wp-json\/wp\/v2\/categories?post=566"},{"taxonomy":"post_tag","embeddable":true,"href":"https:\/\/www.oshrychnov.cz\/mladez\/wp-json\/wp\/v2\/tags?post=566"}],"curies":[{"name":"wp","href":"https:\/\/api.w.org\/{rel}","templated":true}]}}