{"id":535,"date":"2022-11-03T19:15:15","date_gmt":"2022-11-03T18:15:15","guid":{"rendered":"https:\/\/www.oshrychnov.cz\/mladez\/?p=535"},"modified":"2022-11-03T20:14:38","modified_gmt":"2022-11-03T19:14:38","slug":"seminar-k-dotacim-kralovehradeckeho-kraje-pro-sdh","status":"publish","type":"post","link":"https:\/\/www.oshrychnov.cz\/mladez\/2022\/11\/03\/seminar-k-dotacim-kralovehradeckeho-kraje-pro-sdh\/pro-vedouci\/","title":{"rendered":"Semin\u00e1\u0159 k&nbsp;dotac\u00edm Kr\u00e1lov\u00e9hradeck\u00e9ho kraje pro SDH"},"content":{"rendered":"<p style=\"margin: 0cm;\"><span style=\"font-size: 13.5pt; color: black;\">Semin\u00e1\u0159 k&nbsp;dotac\u00edm KHK program\u016fm pro hasi\u010de, k&nbsp;datov\u00fdm schr\u00e1nk\u00e1m, kter\u00e9 umo\u017en\u00ed podat \u017e\u00e1dost<\/span><\/p>\n<p style=\"margin: 0cm;\"><span style=\"font-size: 13.5pt; color: black;\">Prostor pro dotazy, diskuzi<\/span><\/p>\n<p><a href=\"https:\/\/www.oshrychnov.cz\/mladez\/wp-content\/uploads\/2022\/11\/23RRDU5.pdf\">Podm\u00ednky programu<\/a><\/p>\n<p style=\"margin: 0cm;\"><span style=\"color: black;\">\u00a0<\/span><span style=\"font-size: 13.5pt; color: black;\">p\u0159edn\u00e1\u0161\u00ed:\u00a0<\/span><strong><span style=\"font-size: 10.0pt; font-family: 'Calibri',sans-serif; color: black;\">Mgr. Jindra Smejkalov\u00e1 a\u00a0<\/span><\/strong><strong><span style=\"font-family: 'Calibri',sans-serif; color: black;\">Knotek Ond\u0159ej Bc.<\/span><\/strong><\/p>\n<p style=\"margin: 0cm;\"><span style=\"color: black;\">\u00a0<\/span><\/p>\n<p style=\"margin: 0cm;\"><span style=\"font-size: 13.5pt; color: black;\">28.11.2022 v&nbsp;pond\u011bl\u00ed v&nbsp;16 hod na stanici HZS v&nbsp;Rychnov\u011b nad Kn\u011b\u017enou<\/span><\/p>\n<p style=\"margin: 0cm;\"><span style=\"color: black;\">\u00a0<\/span><\/p>\n<p style=\"margin: 0cm;\"><span style=\"color: black;\">S pozdravem<\/span><\/p>\n<p style=\"margin: 0cm;\"><span style=\"color: black;\">Jitka R.<\/span><\/p>\n<p style=\"margin: 0cm;\"><span style=\"color: black;\">kancel\u00e1\u0159 OSH Rychnov nad Kn\u011b\u017enou<\/span><\/p>\n<p style=\"margin: 0cm;\">\n","protected":false},"excerpt":{"rendered":"<p>Semin\u00e1\u0159 k&nbsp;dotac\u00edm KHK program\u016fm pro hasi\u010de, k&nbsp;datov\u00fdm schr\u00e1nk\u00e1m, kter\u00e9 umo\u017en\u00ed podat \u017e\u00e1dost Prostor pro dotazy, diskuzi Podm\u00ednky programu \u00a0p\u0159edn\u00e1\u0161\u00ed:\u00a0Mgr. Jindra Smejkalov\u00e1 a\u00a0Knotek Ond\u0159ej Bc. \u00a0 28.11.2022 v&nbsp;pond\u011bl\u00ed v&nbsp;16 hod na &hellip;<br \/><a href=\"https:\/\/www.oshrychnov.cz\/mladez\/2022\/11\/03\/seminar-k-dotacim-kralovehradeckeho-kraje-pro-sdh\/pro-vedouci\/\" class=\"more-link pen_button pen_element_default pen_icon_arrow_double\">Pokra\u010dovat ve\u00a0\u010dten\u00ed <span class=\"screen-reader-text\">Semin\u00e1\u0159 k&nbsp;dotac\u00edm Kr\u00e1lov\u00e9hradeck\u00e9ho kraje pro SDH<\/span><\/a><\/p>\n","protected":false},"author":1,"featured_media":0,"comment_status":"open","ping_status":"open","sticky":false,"template":"","format":"standard","meta":{"footnotes":""},"categories":[42,40],"tags":[],"class_list":["post-535","post","type-post","status-publish","format-standard","hentry","category-dotace","category-pro-vedouci"],"aioseo_notices":[],"_links":{"self":[{"href":"https:\/\/www.oshrychnov.cz\/mladez\/wp-json\/wp\/v2\/posts\/535","targetHints":{"allow":["GET"]}}],"collection":[{"href":"https:\/\/www.oshrychnov.cz\/mladez\/wp-json\/wp\/v2\/posts"}],"about":[{"href":"https:\/\/www.oshrychnov.cz\/mladez\/wp-json\/wp\/v2\/types\/post"}],"author":[{"embeddable":true,"href":"https:\/\/www.oshrychnov.cz\/mladez\/wp-json\/wp\/v2\/users\/1"}],"replies":[{"embeddable":true,"href":"https:\/\/www.oshrychnov.cz\/mladez\/wp-json\/wp\/v2\/comments?post=535"}],"version-history":[{"count":2,"href":"https:\/\/www.oshrychnov.cz\/mladez\/wp-json\/wp\/v2\/posts\/535\/revisions"}],"predecessor-version":[{"id":538,"href":"https:\/\/www.oshrychnov.cz\/mladez\/wp-json\/wp\/v2\/posts\/535\/revisions\/538"}],"wp:attachment":[{"href":"https:\/\/www.oshrychnov.cz\/mladez\/wp-json\/wp\/v2\/media?parent=535"}],"wp:term":[{"taxonomy":"category","embeddable":true,"href":"https:\/\/www.oshrychnov.cz\/mladez\/wp-json\/wp\/v2\/categories?post=535"},{"taxonomy":"post_tag","embeddable":true,"href":"https:\/\/www.oshrychnov.cz\/mladez\/wp-json\/wp\/v2\/tags?post=535"}],"curies":[{"name":"wp","href":"https:\/\/api.w.org\/{rel}","templated":true}]}}