{"id":523,"date":"2022-10-30T18:44:58","date_gmt":"2022-10-30T17:44:58","guid":{"rendered":"https:\/\/www.oshrychnov.cz\/mladez\/?p=523"},"modified":"2023-12-31T13:38:58","modified_gmt":"2023-12-31T12:38:58","slug":"pozvanka-na-skoleni-vedoucich-mladeze","status":"publish","type":"post","link":"https:\/\/www.oshrychnov.cz\/mladez\/2022\/10\/30\/pozvanka-na-skoleni-vedoucich-mladeze\/rada-mladeze\/","title":{"rendered":"Pozv\u00e1nka na \u0161kolen\u00ed vedouc\u00edch ml\u00e1de\u017ee"},"content":{"rendered":"<p>V\u00e1\u017een\u00ed vedouc\u00ed ml\u00e1de\u017ee okresu Rychnov nad Kn\u011b\u017enou,<\/p>\n<p>&nbsp;<\/p>\n<p>zveme V\u00e1s t\u00edmto na <strong>\u0161kolen\u00ed vedouc\u00edch ml\u00e1de\u017ee a dorostu 27.11.2022 od 8.00 &#8211; 12.00 hod. v&nbsp;hasi\u010dsk\u00e9 zbrojnici v&nbsp;Opo\u010dn\u011b. <\/strong>Vzhledem k&nbsp;tomu, \u017ee parkovi\u0161t\u011b u hasi\u010dsk\u00e9 zbrojnice je ur\u010deno pro \u010dleny JSDHO v&nbsp;p\u0159\u00edpad\u011b v\u00fdjezdu, parkujte pros\u00edm na n\u00e1m\u011bst\u00ed, p\u0159\u00edpadn\u011b u zimn\u00edho stadionu.<\/p>\n<p>&nbsp;<\/p>\n<p>Program:<\/p>\n<ul>\n<li>zm\u011bny organizace sout\u011b\u017e\u00ed a sm\u011brnic hry Plamen a celoro\u010dn\u00ed \u010dinnosti dorostu<\/li>\n<li>spole\u010dn\u00e1 diskuze o realizaci t\u011bchto zm\u011bn na na\u0161em okrese<\/li>\n<\/ul>\n<p>\u00da\u010dastn\u00edci obdr\u017e\u00ed jeden v\u00fdtisk nov\u00fdch sm\u011brnic pro d\u011bti i dorost na sbor, kter\u00fd m\u00e1 kolektiv zaregistrov\u00e1n.<\/p>\n<p>Pro vedouc\u00ed, kter\u00fdm kon\u010d\u00ed platnost kvalifikace je \u00fa\u010dast prodlou\u017een\u00edm.<\/p>\n<p>Na \u0161kolen\u00ed nahlaste jm\u00e9na a kontakty z\u00e1jemc\u016fm o kvalifikaci rozhod\u010d\u00ed ml\u00e1de\u017ee star\u0161\u00edch 17-ti let.<\/p>\n<p>&nbsp;<\/p>\n<p>Potvr\u010fte obratem svou \u00fa\u010dast na nov\u00e9 emailov\u00e9 adrese rady ml\u00e1de\u017ee &#8211;\u00a0<strong><a href=\"mailto:mladez@oshrychnov.cz\">mladez@oshrychnov.cz<\/a> <\/strong>a ulo\u017ete si ji pro vz\u00e1jemnou komunikaci s&nbsp;n\u00e1mi. <strong><u>Potvr\u010fte nejpozd\u011bji do 19.11.2022<\/u><\/strong><\/p>\n<p>&nbsp;<\/p>\n<p>S pozdravem<\/p>\n<p>&nbsp;<\/p>\n<p>Otto Pt\u00e1\u010dek<\/p>\n<p>vedouc\u00ed rady ml\u00e1de\u017ee<\/p>\n","protected":false},"excerpt":{"rendered":"<p>V\u00e1\u017een\u00ed vedouc\u00ed ml\u00e1de\u017ee okresu Rychnov nad Kn\u011b\u017enou, &nbsp; zveme V\u00e1s t\u00edmto na \u0161kolen\u00ed vedouc\u00edch ml\u00e1de\u017ee a dorostu 27.11.2022 od 8.00 &#8211; 12.00 hod. v&nbsp;hasi\u010dsk\u00e9 zbrojnici v&nbsp;Opo\u010dn\u011b. Vzhledem k&nbsp;tomu, \u017ee parkovi\u0161t\u011b &hellip;<br \/><a href=\"https:\/\/www.oshrychnov.cz\/mladez\/2022\/10\/30\/pozvanka-na-skoleni-vedoucich-mladeze\/rada-mladeze\/\" class=\"more-link pen_button pen_element_default pen_icon_arrow_double\">Pokra\u010dovat ve\u00a0\u010dten\u00ed <span class=\"screen-reader-text\">Pozv\u00e1nka na \u0161kolen\u00ed vedouc\u00edch ml\u00e1de\u017ee<\/span><\/a><\/p>\n","protected":false},"author":1,"featured_media":0,"comment_status":"open","ping_status":"open","sticky":false,"template":"","format":"standard","meta":{"footnotes":""},"categories":[40,37],"tags":[],"class_list":["post-523","post","type-post","status-publish","format-standard","hentry","category-pro-vedouci","category-rada-mladeze"],"aioseo_notices":[],"_links":{"self":[{"href":"https:\/\/www.oshrychnov.cz\/mladez\/wp-json\/wp\/v2\/posts\/523","targetHints":{"allow":["GET"]}}],"collection":[{"href":"https:\/\/www.oshrychnov.cz\/mladez\/wp-json\/wp\/v2\/posts"}],"about":[{"href":"https:\/\/www.oshrychnov.cz\/mladez\/wp-json\/wp\/v2\/types\/post"}],"author":[{"embeddable":true,"href":"https:\/\/www.oshrychnov.cz\/mladez\/wp-json\/wp\/v2\/users\/1"}],"replies":[{"embeddable":true,"href":"https:\/\/www.oshrychnov.cz\/mladez\/wp-json\/wp\/v2\/comments?post=523"}],"version-history":[{"count":1,"href":"https:\/\/www.oshrychnov.cz\/mladez\/wp-json\/wp\/v2\/posts\/523\/revisions"}],"predecessor-version":[{"id":524,"href":"https:\/\/www.oshrychnov.cz\/mladez\/wp-json\/wp\/v2\/posts\/523\/revisions\/524"}],"wp:attachment":[{"href":"https:\/\/www.oshrychnov.cz\/mladez\/wp-json\/wp\/v2\/media?parent=523"}],"wp:term":[{"taxonomy":"category","embeddable":true,"href":"https:\/\/www.oshrychnov.cz\/mladez\/wp-json\/wp\/v2\/categories?post=523"},{"taxonomy":"post_tag","embeddable":true,"href":"https:\/\/www.oshrychnov.cz\/mladez\/wp-json\/wp\/v2\/tags?post=523"}],"curies":[{"name":"wp","href":"https:\/\/api.w.org\/{rel}","templated":true}]}}