{"id":1686,"date":"2026-08-30T10:37:09","date_gmt":"2026-08-30T08:37:09","guid":{"rendered":"https:\/\/www.oshrychnov.cz\/mladez\/?p=1686"},"modified":"2026-08-30T10:39:09","modified_gmt":"2026-08-30T08:39:09","slug":"pozvanka-lukavicky-branacek-2026","status":"publish","type":"post","link":"https:\/\/www.oshrychnov.cz\/mladez\/2026\/08\/30\/pozvanka-lukavicky-branacek-2026\/nezarazene\/","title":{"rendered":"Pozv\u00e1nka &#8211; Lukavick\u00fd bra\u0148\u00e1\u010dek 2026"},"content":{"rendered":"<div class=\"wp-block-pdfemb-pdf-embedder-viewer\"><a href=\"https:\/\/www.oshrychnov.cz\/mladez\/wp-content\/uploads\/2026\/08\/pozvanka_branak_2026-lukavice.pdf\" class=\"pdfemb-viewer\" style=\"\" data-width=\"max\" data-height=\"max\" data-toolbar=\"bottom\" data-toolbar-fixed=\"off\">pozvanka_branak_2026 - lukavice<\/a><\/div>\n<p>&nbsp;<\/p>\n<p>Online p\u0159ihl\u00e1\u0161ky do <strong><span style=\"font-size: 14pt;\">16.9.2026\u00a0<\/span><\/strong><span style=\"font-size: 14pt;\">na <a href=\"https:\/\/branak.lukavice.cz\">https:\/\/branak.lukavice.cz<\/a><\/span><\/p>\n","protected":false},"excerpt":{"rendered":"<p>&nbsp; Online p\u0159ihl\u00e1\u0161ky do 16.9.2026\u00a0na https:\/\/branak.lukavice.cz<\/p>\n","protected":false},"author":1,"featured_media":0,"comment_status":"closed","ping_status":"open","sticky":true,"template":"","format":"standard","meta":{"footnotes":""},"categories":[1],"tags":[],"class_list":["post-1686","post","type-post","status-publish","format-standard","hentry","category-nezarazene"],"aioseo_notices":[],"aioseo_head":"\n\t\t<!-- All in One SEO 5.0.1.1 - aioseo.com -->\n\t<meta name=\"description\" content=\"Online p\u0159ihl\u00e1\u0161ky do 16.9.2026 na https:\/\/branak.lukavice.cz\" \/>\n\t<meta name=\"robots\" content=\"max-image-preview:large\" \/>\n\t<meta name=\"author\" content=\"michal\"\/>\n\t<link rel=\"canonical\" href=\"https:\/\/www.oshrychnov.cz\/mladez\/2026\/08\/30\/pozvanka-lukavicky-branacek-2026\/nezarazene\/\" \/>\n\t<meta name=\"generator\" content=\"All in One SEO (AIOSEO) 5.0.1.1\" \/>\n\t\t<meta property=\"og:locale\" content=\"cs_CZ\" \/>\n\t\t<meta property=\"og:site_name\" content=\"Str\u00e1nky hasi\u010dsk\u00e9 ml\u00e1de\u017ee - OSH Rychnov nad Kn\u011b\u017enou\" \/>\n\t\t<meta property=\"og:type\" content=\"article\" \/>\n\t\t<meta property=\"og:title\" content=\"Pozv\u00e1nka \u2013 Lukavick\u00fd bra\u0148\u00e1\u010dek 2026 - Str\u00e1nky hasi\u010dsk\u00e9 ml\u00e1de\u017ee\" \/>\n\t\t<meta property=\"og:description\" content=\"Online p\u0159ihl\u00e1\u0161ky do 16.9.2026 na https:\/\/branak.lukavice.cz\" \/>\n\t\t<meta property=\"og:url\" content=\"https:\/\/www.oshrychnov.cz\/mladez\/2026\/08\/30\/pozvanka-lukavicky-branacek-2026\/nezarazene\/\" \/>\n\t\t<meta property=\"article:published_time\" content=\"2026-08-30T08:37:09+00:00\" \/>\n\t\t<meta property=\"article:modified_time\" content=\"2026-08-30T08:39:09+00:00\" \/>\n\t\t<meta name=\"twitter:card\" content=\"summary\" \/>\n\t\t<meta name=\"twitter:title\" content=\"Pozv\u00e1nka \u2013 Lukavick\u00fd bra\u0148\u00e1\u010dek 2026 - Str\u00e1nky hasi\u010dsk\u00e9 ml\u00e1de\u017ee\" \/>\n\t\t<meta name=\"twitter:description\" content=\"Online p\u0159ihl\u00e1\u0161ky do 16.9.2026 na https:\/\/branak.lukavice.cz\" \/>\n\t\t<script type=\"application\/ld+json\" class=\"aioseo-schema\">\n\t\t\t{\"@context\":\"https:\\\/\\\/schema.org\",\"@graph\":[{\"@type\":\"BlogPosting\",\"@id\":\"https:\\\/\\\/www.oshrychnov.cz\\\/mladez\\\/2026\\\/08\\\/30\\\/pozvanka-lukavicky-branacek-2026\\\/nezarazene\\\/#blogposting\",\"name\":\"Pozv\\u00e1nka \\u2013 Lukavick\\u00fd bra\\u0148\\u00e1\\u010dek 2026 - Str\\u00e1nky hasi\\u010dsk\\u00e9 ml\\u00e1de\\u017ee\",\"headline\":\"Pozv\\u00e1nka &#8211; Lukavick\\u00fd bra\\u0148\\u00e1\\u010dek 2026\",\"author\":{\"@id\":\"https:\\\/\\\/www.oshrychnov.cz\\\/mladez\\\/author\\\/michal\\\/#author\"},\"publisher\":{\"@id\":\"https:\\\/\\\/www.oshrychnov.cz\\\/mladez\\\/#organization\"},\"datePublished\":\"2026-08-30T10:37:09+02:00\",\"dateModified\":\"2026-08-30T10:39:09+02:00\",\"inLanguage\":\"cs-CZ\",\"mainEntityOfPage\":{\"@id\":\"https:\\\/\\\/www.oshrychnov.cz\\\/mladez\\\/2026\\\/08\\\/30\\\/pozvanka-lukavicky-branacek-2026\\\/nezarazene\\\/#webpage\"},\"isPartOf\":{\"@id\":\"https:\\\/\\\/www.oshrychnov.cz\\\/mladez\\\/2026\\\/08\\\/30\\\/pozvanka-lukavicky-branacek-2026\\\/nezarazene\\\/#webpage\"},\"articleSection\":\"Neza\\u0159azen\\u00e9\"},{\"@type\":\"BreadcrumbList\",\"@id\":\"https:\\\/\\\/www.oshrychnov.cz\\\/mladez\\\/2026\\\/08\\\/30\\\/pozvanka-lukavicky-branacek-2026\\\/nezarazene\\\/#breadcrumblist\",\"itemListElement\":[{\"@type\":\"ListItem\",\"@id\":\"https:\\\/\\\/www.oshrychnov.cz\\\/mladez#listItem\",\"position\":1,\"name\":\"Home\",\"item\":\"https:\\\/\\\/www.oshrychnov.cz\\\/mladez\",\"nextItem\":{\"@type\":\"ListItem\",\"@id\":\"https:\\\/\\\/www.oshrychnov.cz\\\/mladez\\\/category\\\/nezarazene\\\/#listItem\",\"name\":\"Neza\\u0159azen\\u00e9\"}},{\"@type\":\"ListItem\",\"@id\":\"https:\\\/\\\/www.oshrychnov.cz\\\/mladez\\\/category\\\/nezarazene\\\/#listItem\",\"position\":2,\"name\":\"Neza\\u0159azen\\u00e9\",\"item\":\"https:\\\/\\\/www.oshrychnov.cz\\\/mladez\\\/category\\\/nezarazene\\\/\",\"nextItem\":{\"@type\":\"ListItem\",\"@id\":\"https:\\\/\\\/www.oshrychnov.cz\\\/mladez\\\/2026\\\/08\\\/30\\\/pozvanka-lukavicky-branacek-2026\\\/nezarazene\\\/#listItem\",\"name\":\"Pozv\\u00e1nka &#8211; Lukavick\\u00fd bra\\u0148\\u00e1\\u010dek 2026\"},\"previousItem\":{\"@type\":\"ListItem\",\"@id\":\"https:\\\/\\\/www.oshrychnov.cz\\\/mladez#listItem\",\"name\":\"Home\"}},{\"@type\":\"ListItem\",\"@id\":\"https:\\\/\\\/www.oshrychnov.cz\\\/mladez\\\/2026\\\/08\\\/30\\\/pozvanka-lukavicky-branacek-2026\\\/nezarazene\\\/#listItem\",\"position\":3,\"name\":\"Pozv\\u00e1nka &#8211; Lukavick\\u00fd bra\\u0148\\u00e1\\u010dek 2026\",\"previousItem\":{\"@type\":\"ListItem\",\"@id\":\"https:\\\/\\\/www.oshrychnov.cz\\\/mladez\\\/category\\\/nezarazene\\\/#listItem\",\"name\":\"Neza\\u0159azen\\u00e9\"}}]},{\"@type\":\"Organization\",\"@id\":\"https:\\\/\\\/www.oshrychnov.cz\\\/mladez\\\/#organization\",\"name\":\"Str\\u00e1nky hasi\\u010dsk\\u00e9 ml\\u00e1de\\u017ee\",\"description\":\"OSH Rychnov nad Kn\\u011b\\u017enou\",\"url\":\"https:\\\/\\\/www.oshrychnov.cz\\\/mladez\\\/\"},{\"@type\":\"Person\",\"@id\":\"https:\\\/\\\/www.oshrychnov.cz\\\/mladez\\\/author\\\/michal\\\/#author\",\"url\":\"https:\\\/\\\/www.oshrychnov.cz\\\/mladez\\\/author\\\/michal\\\/\",\"name\":\"michal\",\"image\":{\"@type\":\"ImageObject\",\"@id\":\"https:\\\/\\\/www.oshrychnov.cz\\\/mladez\\\/2026\\\/08\\\/30\\\/pozvanka-lukavicky-branacek-2026\\\/nezarazene\\\/#authorImage\",\"url\":\"https:\\\/\\\/secure.gravatar.com\\\/avatar\\\/2b7dcd741008388dba17d521dec3859b49b20bf5a2f05cb76ef284694e317fd7?s=96&d=mm&r=g\",\"width\":96,\"height\":96,\"caption\":\"michal\"}},{\"@type\":\"WebPage\",\"@id\":\"https:\\\/\\\/www.oshrychnov.cz\\\/mladez\\\/2026\\\/08\\\/30\\\/pozvanka-lukavicky-branacek-2026\\\/nezarazene\\\/#webpage\",\"url\":\"https:\\\/\\\/www.oshrychnov.cz\\\/mladez\\\/2026\\\/08\\\/30\\\/pozvanka-lukavicky-branacek-2026\\\/nezarazene\\\/\",\"name\":\"Pozv\\u00e1nka \\u2013 Lukavick\\u00fd bra\\u0148\\u00e1\\u010dek 2026 - Str\\u00e1nky hasi\\u010dsk\\u00e9 ml\\u00e1de\\u017ee\",\"description\":\"Online p\\u0159ihl\\u00e1\\u0161ky do 16.9.2026 na https:\\\/\\\/branak.lukavice.cz\",\"inLanguage\":\"cs-CZ\",\"isPartOf\":{\"@id\":\"https:\\\/\\\/www.oshrychnov.cz\\\/mladez\\\/#website\"},\"breadcrumb\":{\"@id\":\"https:\\\/\\\/www.oshrychnov.cz\\\/mladez\\\/2026\\\/08\\\/30\\\/pozvanka-lukavicky-branacek-2026\\\/nezarazene\\\/#breadcrumblist\"},\"author\":{\"@id\":\"https:\\\/\\\/www.oshrychnov.cz\\\/mladez\\\/author\\\/michal\\\/#author\"},\"creator\":{\"@id\":\"https:\\\/\\\/www.oshrychnov.cz\\\/mladez\\\/author\\\/michal\\\/#author\"},\"datePublished\":\"2026-08-30T10:37:09+02:00\",\"dateModified\":\"2026-08-30T10:39:09+02:00\"},{\"@type\":\"WebSite\",\"@id\":\"https:\\\/\\\/www.oshrychnov.cz\\\/mladez\\\/#website\",\"url\":\"https:\\\/\\\/www.oshrychnov.cz\\\/mladez\\\/\",\"name\":\"Str\\u00e1nky hasi\\u010dsk\\u00e9 ml\\u00e1de\\u017ee\",\"description\":\"OSH Rychnov nad Kn\\u011b\\u017enou\",\"inLanguage\":\"cs-CZ\",\"publisher\":{\"@id\":\"https:\\\/\\\/www.oshrychnov.cz\\\/mladez\\\/#organization\"}}]}\n\t\t<\/script>\n\t\t<!-- All in One SEO -->\n\n","aioseo_head_json":{"title":"Pozv\u00e1nka \u2013 Lukavick\u00fd bra\u0148\u00e1\u010dek 2026 - Str\u00e1nky hasi\u010dsk\u00e9 ml\u00e1de\u017ee","description":"Online p\u0159ihl\u00e1\u0161ky do 16.9.2026 na https:\/\/branak.lukavice.cz","canonical_url":"https:\/\/www.oshrychnov.cz\/mladez\/2026\/08\/30\/pozvanka-lukavicky-branacek-2026\/nezarazene\/","robots":"max-image-preview:large","keywords":"","webmasterTools":{"miscellaneous":""},"schema":{"@context":"https:\/\/schema.org","@graph":[{"@type":"BlogPosting","@id":"https:\/\/www.oshrychnov.cz\/mladez\/2026\/08\/30\/pozvanka-lukavicky-branacek-2026\/nezarazene\/#blogposting","name":"Pozv\u00e1nka \u2013 Lukavick\u00fd bra\u0148\u00e1\u010dek 2026 - Str\u00e1nky hasi\u010dsk\u00e9 ml\u00e1de\u017ee","headline":"Pozv\u00e1nka &#8211; Lukavick\u00fd bra\u0148\u00e1\u010dek 2026","author":{"@id":"https:\/\/www.oshrychnov.cz\/mladez\/author\/michal\/#author"},"publisher":{"@id":"https:\/\/www.oshrychnov.cz\/mladez\/#organization"},"datePublished":"2026-08-30T10:37:09+02:00","dateModified":"2026-08-30T10:39:09+02:00","inLanguage":"cs-CZ","mainEntityOfPage":{"@id":"https:\/\/www.oshrychnov.cz\/mladez\/2026\/08\/30\/pozvanka-lukavicky-branacek-2026\/nezarazene\/#webpage"},"isPartOf":{"@id":"https:\/\/www.oshrychnov.cz\/mladez\/2026\/08\/30\/pozvanka-lukavicky-branacek-2026\/nezarazene\/#webpage"},"articleSection":"Neza\u0159azen\u00e9"},{"@type":"BreadcrumbList","@id":"https:\/\/www.oshrychnov.cz\/mladez\/2026\/08\/30\/pozvanka-lukavicky-branacek-2026\/nezarazene\/#breadcrumblist","itemListElement":[{"@type":"ListItem","@id":"https:\/\/www.oshrychnov.cz\/mladez#listItem","position":1,"name":"Home","item":"https:\/\/www.oshrychnov.cz\/mladez","nextItem":{"@type":"ListItem","@id":"https:\/\/www.oshrychnov.cz\/mladez\/category\/nezarazene\/#listItem","name":"Neza\u0159azen\u00e9"}},{"@type":"ListItem","@id":"https:\/\/www.oshrychnov.cz\/mladez\/category\/nezarazene\/#listItem","position":2,"name":"Neza\u0159azen\u00e9","item":"https:\/\/www.oshrychnov.cz\/mladez\/category\/nezarazene\/","nextItem":{"@type":"ListItem","@id":"https:\/\/www.oshrychnov.cz\/mladez\/2026\/08\/30\/pozvanka-lukavicky-branacek-2026\/nezarazene\/#listItem","name":"Pozv\u00e1nka &#8211; Lukavick\u00fd bra\u0148\u00e1\u010dek 2026"},"previousItem":{"@type":"ListItem","@id":"https:\/\/www.oshrychnov.cz\/mladez#listItem","name":"Home"}},{"@type":"ListItem","@id":"https:\/\/www.oshrychnov.cz\/mladez\/2026\/08\/30\/pozvanka-lukavicky-branacek-2026\/nezarazene\/#listItem","position":3,"name":"Pozv\u00e1nka &#8211; Lukavick\u00fd bra\u0148\u00e1\u010dek 2026","previousItem":{"@type":"ListItem","@id":"https:\/\/www.oshrychnov.cz\/mladez\/category\/nezarazene\/#listItem","name":"Neza\u0159azen\u00e9"}}]},{"@type":"Organization","@id":"https:\/\/www.oshrychnov.cz\/mladez\/#organization","name":"Str\u00e1nky hasi\u010dsk\u00e9 ml\u00e1de\u017ee","description":"OSH Rychnov nad Kn\u011b\u017enou","url":"https:\/\/www.oshrychnov.cz\/mladez\/"},{"@type":"Person","@id":"https:\/\/www.oshrychnov.cz\/mladez\/author\/michal\/#author","url":"https:\/\/www.oshrychnov.cz\/mladez\/author\/michal\/","name":"michal","image":{"@type":"ImageObject","@id":"https:\/\/www.oshrychnov.cz\/mladez\/2026\/08\/30\/pozvanka-lukavicky-branacek-2026\/nezarazene\/#authorImage","url":"https:\/\/secure.gravatar.com\/avatar\/2b7dcd741008388dba17d521dec3859b49b20bf5a2f05cb76ef284694e317fd7?s=96&d=mm&r=g","width":96,"height":96,"caption":"michal"}},{"@type":"WebPage","@id":"https:\/\/www.oshrychnov.cz\/mladez\/2026\/08\/30\/pozvanka-lukavicky-branacek-2026\/nezarazene\/#webpage","url":"https:\/\/www.oshrychnov.cz\/mladez\/2026\/08\/30\/pozvanka-lukavicky-branacek-2026\/nezarazene\/","name":"Pozv\u00e1nka \u2013 Lukavick\u00fd bra\u0148\u00e1\u010dek 2026 - Str\u00e1nky hasi\u010dsk\u00e9 ml\u00e1de\u017ee","description":"Online p\u0159ihl\u00e1\u0161ky do 16.9.2026 na https:\/\/branak.lukavice.cz","inLanguage":"cs-CZ","isPartOf":{"@id":"https:\/\/www.oshrychnov.cz\/mladez\/#website"},"breadcrumb":{"@id":"https:\/\/www.oshrychnov.cz\/mladez\/2026\/08\/30\/pozvanka-lukavicky-branacek-2026\/nezarazene\/#breadcrumblist"},"author":{"@id":"https:\/\/www.oshrychnov.cz\/mladez\/author\/michal\/#author"},"creator":{"@id":"https:\/\/www.oshrychnov.cz\/mladez\/author\/michal\/#author"},"datePublished":"2026-08-30T10:37:09+02:00","dateModified":"2026-08-30T10:39:09+02:00"},{"@type":"WebSite","@id":"https:\/\/www.oshrychnov.cz\/mladez\/#website","url":"https:\/\/www.oshrychnov.cz\/mladez\/","name":"Str\u00e1nky hasi\u010dsk\u00e9 ml\u00e1de\u017ee","description":"OSH Rychnov nad Kn\u011b\u017enou","inLanguage":"cs-CZ","publisher":{"@id":"https:\/\/www.oshrychnov.cz\/mladez\/#organization"}}]},"og:locale":"cs_CZ","og:site_name":"Str\u00e1nky hasi\u010dsk\u00e9 ml\u00e1de\u017ee - OSH Rychnov nad Kn\u011b\u017enou","og:type":"article","og:title":"Pozv\u00e1nka \u2013 Lukavick\u00fd bra\u0148\u00e1\u010dek 2026 - Str\u00e1nky hasi\u010dsk\u00e9 ml\u00e1de\u017ee","og:description":"Online p\u0159ihl\u00e1\u0161ky do 16.9.2026 na https:\/\/branak.lukavice.cz","og:url":"https:\/\/www.oshrychnov.cz\/mladez\/2026\/08\/30\/pozvanka-lukavicky-branacek-2026\/nezarazene\/","article:published_time":"2026-08-30T08:37:09+00:00","article:modified_time":"2026-08-30T08:39:09+00:00","twitter:card":"summary","twitter:title":"Pozv\u00e1nka \u2013 Lukavick\u00fd bra\u0148\u00e1\u010dek 2026 - Str\u00e1nky hasi\u010dsk\u00e9 ml\u00e1de\u017ee","twitter:description":"Online p\u0159ihl\u00e1\u0161ky do 16.9.2026 na https:\/\/branak.lukavice.cz"},"aioseo_meta_data":{"post_id":"1686","title":null,"description":null,"keywords":null,"keyphrases":{"focus":{"keyphrase":"","score":0,"analysis":{"keyphraseInTitle":{"score":0,"maxScore":9,"error":1}}},"additional":[]},"primary_term":null,"canonical_url":null,"og_title":null,"og_description":null,"og_object_type":"default","og_image_type":"default","og_image_url":null,"og_image_width":null,"og_image_height":null,"og_image_custom_url":null,"og_image_custom_fields":null,"og_video":"","og_custom_url":null,"og_article_section":null,"og_article_tags":null,"twitter_use_og":false,"twitter_card":"default","twitter_image_type":"default","twitter_image_url":null,"twitter_image_custom_url":null,"twitter_image_custom_fields":null,"twitter_title":null,"twitter_description":null,"schema":{"blockGraphs":[],"customGraphs":[],"default":{"data":{"Article":[],"Course":[],"Dataset":[],"FAQPage":[],"Movie":[],"Person":[],"Product":[],"ProductReview":[],"Car":[],"Recipe":[],"Service":[],"SoftwareApplication":[],"WebPage":[]},"graphName":"BlogPosting","isEnabled":true},"graphs":[]},"schema_type":"default","schema_type_options":null,"pillar_content":false,"robots_default":true,"robots_noindex":false,"robots_noarchive":false,"robots_nosnippet":false,"robots_nofollow":false,"robots_noimageindex":false,"robots_noodp":false,"robots_notranslate":false,"robots_max_snippet":"-1","robots_max_videopreview":"-1","robots_max_imagepreview":"large","priority":null,"frequency":"default","local_seo":null,"breadcrumb_settings":null,"limit_modified_date":false,"ai":{"faqs":[],"keyPoints":[],"schemas":[],"titles":[],"descriptions":[],"socialPosts":{"email":{"subject":"","preview":"","content":""},"linkedin":[],"twitter":[],"facebook":[],"instagram":[]}},"created":"2026-08-30 08:36:17","updated":"2026-08-30 20:44:58","seo_analyzer_scan_date":null,"focus_keyword":null,"additional_keywords":null,"truseo_locale":null},"aioseo_breadcrumb":"<div class=\"aioseo-breadcrumbs\"><span class=\"aioseo-breadcrumb\">\n\t\t\t<a href=\"https:\/\/www.oshrychnov.cz\/mladez\" title=\"Home\">Home<\/a>\n\t\t<\/span><span class=\"aioseo-breadcrumb-separator\">&raquo;<\/span><span class=\"aioseo-breadcrumb\">\n\t\t\t<a href=\"https:\/\/www.oshrychnov.cz\/mladez\/category\/nezarazene\/\" title=\"Neza\u0159azen\u00e9\">Neza\u0159azen\u00e9<\/a>\n\t\t<\/span><span class=\"aioseo-breadcrumb-separator\">&raquo;<\/span><span class=\"aioseo-breadcrumb\">\n\t\t\tPozv\u00e1nka \u2013 Lukavick\u00fd bra\u0148\u00e1\u010dek 2026\n\t\t<\/span><\/div>","aioseo_breadcrumb_json":[{"label":"Home","link":"https:\/\/www.oshrychnov.cz\/mladez"},{"label":"Neza\u0159azen\u00e9","link":"https:\/\/www.oshrychnov.cz\/mladez\/category\/nezarazene\/"},{"label":"Pozv\u00e1nka &#8211; Lukavick\u00fd bra\u0148\u00e1\u010dek 2026","link":"https:\/\/www.oshrychnov.cz\/mladez\/2026\/08\/30\/pozvanka-lukavicky-branacek-2026\/nezarazene\/"}],"_links":{"self":[{"href":"https:\/\/www.oshrychnov.cz\/mladez\/wp-json\/wp\/v2\/posts\/1686","targetHints":{"allow":["GET"]}}],"collection":[{"href":"https:\/\/www.oshrychnov.cz\/mladez\/wp-json\/wp\/v2\/posts"}],"about":[{"href":"https:\/\/www.oshrychnov.cz\/mladez\/wp-json\/wp\/v2\/types\/post"}],"author":[{"embeddable":true,"href":"https:\/\/www.oshrychnov.cz\/mladez\/wp-json\/wp\/v2\/users\/1"}],"replies":[{"embeddable":true,"href":"https:\/\/www.oshrychnov.cz\/mladez\/wp-json\/wp\/v2\/comments?post=1686"}],"version-history":[{"count":3,"href":"https:\/\/www.oshrychnov.cz\/mladez\/wp-json\/wp\/v2\/posts\/1686\/revisions"}],"predecessor-version":[{"id":1689,"href":"https:\/\/www.oshrychnov.cz\/mladez\/wp-json\/wp\/v2\/posts\/1686\/revisions\/1689"}],"wp:attachment":[{"href":"https:\/\/www.oshrychnov.cz\/mladez\/wp-json\/wp\/v2\/media?parent=1686"}],"wp:term":[{"taxonomy":"category","embeddable":true,"href":"https:\/\/www.oshrychnov.cz\/mladez\/wp-json\/wp\/v2\/categories?post=1686"},{"taxonomy":"post_tag","embeddable":true,"href":"https:\/\/www.oshrychnov.cz\/mladez\/wp-json\/wp\/v2\/tags?post=1686"}],"curies":[{"name":"wp","href":"https:\/\/api.w.org\/{rel}","templated":true}]}}