{"id":1410,"date":"2026-04-19T20:14:49","date_gmt":"2026-04-19T18:14:49","guid":{"rendered":"https:\/\/www.oshrychnov.cz\/mladez\/?p=1410"},"modified":"2026-04-19T20:14:49","modified_gmt":"2026-04-19T18:14:49","slug":"rokytnicka-60-a-stafeta-pozarnich-dvojic-2026","status":"publish","type":"post","link":"https:\/\/www.oshrychnov.cz\/mladez\/2026\/04\/19\/rokytnicka-60-a-stafeta-pozarnich-dvojic-2026\/mladi-hasici\/","title":{"rendered":"ROKYTNICK\u00c1 60 a \u0160TAFETA PO\u017d\u00c1RN\u00cdCH DVOJIC 2026"},"content":{"rendered":"<p>Zveme V\u00e1s t\u00edmto na mezin\u00e1rodn\u00ed sout\u011b\u017e &#8222;Rokytnick\u00e1 \u0161edes\u00e1tka &amp; \u0161tafeta dvojic&#8220; dne <strong>9.5.2026<\/strong>.<\/p>\n<p>Uz\u00e1v\u011brka p\u0159ihl\u00e1\u0161ek je v&nbsp;ned\u011bli <span style=\"color: #ff0000;\"><strong>3.5.2026 do 20:00<\/strong><\/span>. Z&nbsp;organiza\u010dn\u00edch d\u016fvod\u016f pros\u00edme, zda m\u016f\u017eete obratem vyplnit dotazn\u00edk s&nbsp;p\u0159edb\u011b\u017en\u00fdm po\u010dtem Va\u0161ich z\u00e1vodn\u00edk\u016f na odkazu <a href=\"https:\/\/forms.gle\/BAZQk3KosdcDEvnRA\"><strong>h<\/strong><\/a><a href=\"https:\/\/forms.gle\/BAZQk3KosdcDEvnRA\"><strong>ttps:\/\/forms.gle\/BAZQk3KosdcDEvnRA<\/strong><\/a><\/p>\n<p>Sout\u011b\u017e v&nbsp;b\u011bhu jednotlivc\u016f je I. kolem P\u0159eborn\u00edka okresu Rychnov nad Kn\u011b\u017enou a NEN\u00cd sou\u010d\u00e1st\u00ed Ligy ml\u00e1de\u017ee okresu Rychnov nad Kn\u011b\u017enou.<\/p>\n<p><a href=\"https:\/\/www.oshrychnov.cz\/mladez\/wp-content\/uploads\/2026\/04\/PROPOZICE_Rokytnice-9.5.2o26.pdf\">Propozice<\/a><\/p>\n<p><a href=\"https:\/\/www.oshrychnov.cz\/mladez\/wp-content\/uploads\/2026\/04\/PRIHLASKA_ROKYTNICE_9.5.2026.xlsx\">P\u0159ihl\u00e1\u0161ka<\/a><\/p>\n<p>V p\u0159\u00edpad\u011b dotaz\u016f se obracejte na:<\/p>\n<p><strong>Jakub Zimmer<\/strong><\/p>\n<p><strong>Realiza\u010dn\u00ed t\u00fdm R60<\/strong><\/p>\n<p><strong>SDH Rokytnice v&nbsp;Orl. h.<\/strong><\/p>\n<p><strong>604&nbsp;130&nbsp;338<\/strong><\/p>\n","protected":false},"excerpt":{"rendered":"<p>Zveme V\u00e1s t\u00edmto na mezin\u00e1rodn\u00ed sout\u011b\u017e &#8222;Rokytnick\u00e1 \u0161edes\u00e1tka &amp; \u0161tafeta dvojic&#8220; dne 9.5.2026. Uz\u00e1v\u011brka p\u0159ihl\u00e1\u0161ek je v&nbsp;ned\u011bli 3.5.2026 do 20:00. Z&nbsp;organiza\u010dn\u00edch d\u016fvod\u016f pros\u00edme, zda m\u016f\u017eete obratem vyplnit dotazn\u00edk s&nbsp;p\u0159edb\u011b\u017en\u00fdm po\u010dtem &hellip;<br \/><a href=\"https:\/\/www.oshrychnov.cz\/mladez\/2026\/04\/19\/rokytnicka-60-a-stafeta-pozarnich-dvojic-2026\/mladi-hasici\/\" class=\"more-link pen_button pen_element_default pen_icon_arrow_double\">Pokra\u010dovat ve\u00a0\u010dten\u00ed <span class=\"screen-reader-text\">ROKYTNICK\u00c1 60 a \u0160TAFETA PO\u017d\u00c1RN\u00cdCH DVOJIC 2026<\/span><\/a><\/p>\n","protected":false},"author":1,"featured_media":0,"comment_status":"closed","ping_status":"open","sticky":true,"template":"","format":"standard","meta":{"footnotes":""},"categories":[38,43],"tags":[],"class_list":["post-1410","post","type-post","status-publish","format-standard","hentry","category-mladi-hasici","category-souteze-mladeze"],"aioseo_notices":[],"_links":{"self":[{"href":"https:\/\/www.oshrychnov.cz\/mladez\/wp-json\/wp\/v2\/posts\/1410","targetHints":{"allow":["GET"]}}],"collection":[{"href":"https:\/\/www.oshrychnov.cz\/mladez\/wp-json\/wp\/v2\/posts"}],"about":[{"href":"https:\/\/www.oshrychnov.cz\/mladez\/wp-json\/wp\/v2\/types\/post"}],"author":[{"embeddable":true,"href":"https:\/\/www.oshrychnov.cz\/mladez\/wp-json\/wp\/v2\/users\/1"}],"replies":[{"embeddable":true,"href":"https:\/\/www.oshrychnov.cz\/mladez\/wp-json\/wp\/v2\/comments?post=1410"}],"version-history":[{"count":1,"href":"https:\/\/www.oshrychnov.cz\/mladez\/wp-json\/wp\/v2\/posts\/1410\/revisions"}],"predecessor-version":[{"id":1411,"href":"https:\/\/www.oshrychnov.cz\/mladez\/wp-json\/wp\/v2\/posts\/1410\/revisions\/1411"}],"wp:attachment":[{"href":"https:\/\/www.oshrychnov.cz\/mladez\/wp-json\/wp\/v2\/media?parent=1410"}],"wp:term":[{"taxonomy":"category","embeddable":true,"href":"https:\/\/www.oshrychnov.cz\/mladez\/wp-json\/wp\/v2\/categories?post=1410"},{"taxonomy":"post_tag","embeddable":true,"href":"https:\/\/www.oshrychnov.cz\/mladez\/wp-json\/wp\/v2\/tags?post=1410"}],"curies":[{"name":"wp","href":"https:\/\/api.w.org\/{rel}","templated":true}]}}