{"id":1395,"date":"2026-04-09T18:04:10","date_gmt":"2026-04-09T16:04:10","guid":{"rendered":"https:\/\/www.oshrychnov.cz\/mladez\/?p=1395"},"modified":"2026-04-09T18:04:10","modified_gmt":"2026-04-09T16:04:10","slug":"pozvanka-na-poradu-vedoucich-mladeze-23-4-2026","status":"publish","type":"post","link":"https:\/\/www.oshrychnov.cz\/mladez\/2026\/04\/09\/pozvanka-na-poradu-vedoucich-mladeze-23-4-2026\/rada-mladeze\/","title":{"rendered":"Pozv\u00e1nka na poradu vedouc\u00edch ml\u00e1de\u017ee &#8211; 23.4.2026"},"content":{"rendered":"<p>V\u00e1\u017een\u00ed vedouc\u00ed kolektiv\u016f mlad\u00fdch hasi\u010d\u016f a dorostu,<\/p>\n<p>&nbsp;<\/p>\n<p>zveme V\u00e1s na\u00a0<strong>poradu vedouc\u00edch<\/strong>\u00a0 ml\u00e1de\u017ee okresu Rychnov nad Kn\u011b\u017enou, kter\u00e1 se kon\u00e1 ve\u00a0<strong>\u010dtvrtek\u00a0<\/strong><strong>23.4.2026\u00a0od 16,30 hod<\/strong><strong>.\u00a0<\/strong>Porada se kon\u00e1 v&nbsp;hasi\u010dsk\u00e9 zbrojnici v&nbsp;Opo\u010dn\u011b \u2013 \u0160tefanka 85.<\/p>\n<p>Porady se z\u00fa\u010dastn\u00ed za ka\u017ed\u00fd kolektiv ml\u00e1de\u017ee nebo dorostu jeden vedouc\u00ed.<\/p>\n<p><strong>Program :<\/strong><\/p>\n<p>&#8211; Informace z\u00a0celorepublikov\u00e9 porady vedouc\u00edch OORM<\/p>\n<p>&#8211; R\u00e1mcov\u00e9 OZ ZHVB<\/p>\n<p>&#8211; Dotace \u201eVolno\u010dasovky 2026\u201c<\/p>\n<p>&#8211; OZ Okresn\u00edho kola hry PLAMEN 2026 a dorostu<\/p>\n<p>&#8211; R\u016fzn\u00e9 \u2013 dotazy, p\u0159ipom\u00ednky<\/p>\n<p>Na poradu si p\u0159ipravte dotazy a p\u0159ipom\u00ednky k\u00a0sout\u011b\u017e\u00edm ml\u00e1de\u017ee.<\/p>\n<p><strong>Parkujte pros\u00edm na n\u00e1m\u011bst\u00ed, p\u0159\u00edpadn\u011b u zimn\u00edho stadionu. U hasi\u010dsk\u00e9 zbrojnice je parkovi\u0161t\u011b vyhrazeno pro \u010dleny v\u00fdjezdov\u00e9 jednotky, aby m\u011bli v&nbsp;p\u0159\u00edpad\u011b v\u00fdjezdu kde zaparkovat. V\u011bnujte pozornost p\u0159\u00edloze pozv\u00e1nky!!<\/strong><\/p>\n<p><a href=\"https:\/\/www.oshrychnov.cz\/mladez\/wp-content\/uploads\/2026\/04\/Dotace-MSMT_Volnocasove-aktivity-2026.docx\"><strong>P\u0159\u00edloha<\/strong><\/a><\/p>\n<p>Na setk\u00e1n\u00ed se t\u011b\u0161\u00ed ORM Rychnov nad Kn\u011b\u017enou<\/p>\n<p>Vy\u0159izuje: Otto Pt\u00e1\u010dek \u2013 zastupuj\u00edc\u00ed vedouc\u00ed OORM okresu RK<\/p>\n<p>&nbsp;<\/p>\n<p>&nbsp;<\/p>\n","protected":false},"excerpt":{"rendered":"<p>V\u00e1\u017een\u00ed vedouc\u00ed kolektiv\u016f mlad\u00fdch hasi\u010d\u016f a dorostu, &nbsp; zveme V\u00e1s na\u00a0poradu vedouc\u00edch\u00a0 ml\u00e1de\u017ee okresu Rychnov nad Kn\u011b\u017enou, kter\u00e1 se kon\u00e1 ve\u00a0\u010dtvrtek\u00a023.4.2026\u00a0od 16,30 hod.\u00a0Porada se kon\u00e1 v&nbsp;hasi\u010dsk\u00e9 zbrojnici v&nbsp;Opo\u010dn\u011b \u2013 \u0160tefanka &hellip;<br \/><a href=\"https:\/\/www.oshrychnov.cz\/mladez\/2026\/04\/09\/pozvanka-na-poradu-vedoucich-mladeze-23-4-2026\/rada-mladeze\/\" class=\"more-link pen_button pen_element_default pen_icon_arrow_double\">Pokra\u010dovat ve\u00a0\u010dten\u00ed <span class=\"screen-reader-text\">Pozv\u00e1nka na poradu vedouc\u00edch ml\u00e1de\u017ee &#8211; 23.4.2026<\/span><\/a><\/p>\n","protected":false},"author":1,"featured_media":0,"comment_status":"closed","ping_status":"open","sticky":true,"template":"","format":"standard","meta":{"footnotes":""},"categories":[40,37],"tags":[],"class_list":["post-1395","post","type-post","status-publish","format-standard","hentry","category-pro-vedouci","category-rada-mladeze"],"aioseo_notices":[],"_links":{"self":[{"href":"https:\/\/www.oshrychnov.cz\/mladez\/wp-json\/wp\/v2\/posts\/1395","targetHints":{"allow":["GET"]}}],"collection":[{"href":"https:\/\/www.oshrychnov.cz\/mladez\/wp-json\/wp\/v2\/posts"}],"about":[{"href":"https:\/\/www.oshrychnov.cz\/mladez\/wp-json\/wp\/v2\/types\/post"}],"author":[{"embeddable":true,"href":"https:\/\/www.oshrychnov.cz\/mladez\/wp-json\/wp\/v2\/users\/1"}],"replies":[{"embeddable":true,"href":"https:\/\/www.oshrychnov.cz\/mladez\/wp-json\/wp\/v2\/comments?post=1395"}],"version-history":[{"count":1,"href":"https:\/\/www.oshrychnov.cz\/mladez\/wp-json\/wp\/v2\/posts\/1395\/revisions"}],"predecessor-version":[{"id":1397,"href":"https:\/\/www.oshrychnov.cz\/mladez\/wp-json\/wp\/v2\/posts\/1395\/revisions\/1397"}],"wp:attachment":[{"href":"https:\/\/www.oshrychnov.cz\/mladez\/wp-json\/wp\/v2\/media?parent=1395"}],"wp:term":[{"taxonomy":"category","embeddable":true,"href":"https:\/\/www.oshrychnov.cz\/mladez\/wp-json\/wp\/v2\/categories?post=1395"},{"taxonomy":"post_tag","embeddable":true,"href":"https:\/\/www.oshrychnov.cz\/mladez\/wp-json\/wp\/v2\/tags?post=1395"}],"curies":[{"name":"wp","href":"https:\/\/api.w.org\/{rel}","templated":true}]}}