{"id":1112,"date":"2025-07-31T21:50:50","date_gmt":"2025-07-31T19:50:50","guid":{"rendered":"https:\/\/www.oshrychnov.cz\/mladez\/?p=1112"},"modified":"2025-07-31T21:50:50","modified_gmt":"2025-07-31T19:50:50","slug":"pozvanka-doudleby-nad-orlici","status":"publish","type":"post","link":"https:\/\/www.oshrychnov.cz\/mladez\/2025\/07\/31\/pozvanka-doudleby-nad-orlici\/nezarazene\/","title":{"rendered":"Pozv\u00e1nka &#8211; Doudleby nad Orlic\u00ed"},"content":{"rendered":"<p>SDH Doudleby nad Orlic\u00ed V\u00e1s srde\u010dn\u011b na sout\u011b\u017e o Poh\u00e1r starosty Doudleb nad Orlic\u00ed, kter\u00e1 se kon\u00e1 <strong>v sobotu 23.&nbsp;srpna 2025<\/strong> od 9 hodin.<\/p>\n<p><a href=\"https:\/\/www.oshrychnov.cz\/mladez\/wp-content\/uploads\/2025\/06\/Pohar-starosty-Doudleby-n-Orl.docx\">Pozv\u00e1nka<\/a><\/p>\n<p><a href=\"https:\/\/www.oshrychnov.cz\/mladez\/wp-content\/uploads\/2025\/06\/Prihlaska-Doudleby.docx\">P\u0159ihl\u00e1\u0161ka<\/a><\/p>\n<p>Z\u00e1vazn\u00e9 p\u0159ihl\u00e1\u0161ky zas\u00edlejte do <strong>16.&nbsp;srpna 2025<\/strong>.<\/p>\n","protected":false},"excerpt":{"rendered":"<p>SDH Doudleby nad Orlic\u00ed V\u00e1s srde\u010dn\u011b na sout\u011b\u017e o Poh\u00e1r starosty Doudleb nad Orlic\u00ed, kter\u00e1 se kon\u00e1 v&nbsp;sobotu 23.&nbsp;srpna 2025 od 9 hodin. Pozv\u00e1nka P\u0159ihl\u00e1\u0161ka Z\u00e1vazn\u00e9 p\u0159ihl\u00e1\u0161ky zas\u00edlejte do &hellip;<br \/><a href=\"https:\/\/www.oshrychnov.cz\/mladez\/2025\/07\/31\/pozvanka-doudleby-nad-orlici\/nezarazene\/\" class=\"more-link pen_button pen_element_default pen_icon_arrow_double\">Pokra\u010dovat ve\u00a0\u010dten\u00ed <span class=\"screen-reader-text\">Pozv\u00e1nka &#8211; Doudleby nad Orlic\u00ed<\/span><\/a><\/p>\n","protected":false},"author":1,"featured_media":0,"comment_status":"closed","ping_status":"open","sticky":true,"template":"","format":"standard","meta":{"footnotes":""},"categories":[1],"tags":[],"class_list":["post-1112","post","type-post","status-publish","format-standard","hentry","category-nezarazene"],"aioseo_notices":[],"_links":{"self":[{"href":"https:\/\/www.oshrychnov.cz\/mladez\/wp-json\/wp\/v2\/posts\/1112","targetHints":{"allow":["GET"]}}],"collection":[{"href":"https:\/\/www.oshrychnov.cz\/mladez\/wp-json\/wp\/v2\/posts"}],"about":[{"href":"https:\/\/www.oshrychnov.cz\/mladez\/wp-json\/wp\/v2\/types\/post"}],"author":[{"embeddable":true,"href":"https:\/\/www.oshrychnov.cz\/mladez\/wp-json\/wp\/v2\/users\/1"}],"replies":[{"embeddable":true,"href":"https:\/\/www.oshrychnov.cz\/mladez\/wp-json\/wp\/v2\/comments?post=1112"}],"version-history":[{"count":1,"href":"https:\/\/www.oshrychnov.cz\/mladez\/wp-json\/wp\/v2\/posts\/1112\/revisions"}],"predecessor-version":[{"id":1113,"href":"https:\/\/www.oshrychnov.cz\/mladez\/wp-json\/wp\/v2\/posts\/1112\/revisions\/1113"}],"wp:attachment":[{"href":"https:\/\/www.oshrychnov.cz\/mladez\/wp-json\/wp\/v2\/media?parent=1112"}],"wp:term":[{"taxonomy":"category","embeddable":true,"href":"https:\/\/www.oshrychnov.cz\/mladez\/wp-json\/wp\/v2\/categories?post=1112"},{"taxonomy":"post_tag","embeddable":true,"href":"https:\/\/www.oshrychnov.cz\/mladez\/wp-json\/wp\/v2\/tags?post=1112"}],"curies":[{"name":"wp","href":"https:\/\/api.w.org\/{rel}","templated":true}]}}