{"id":1046,"date":"2025-05-04T07:53:05","date_gmt":"2025-05-04T05:53:05","guid":{"rendered":"https:\/\/www.oshrychnov.cz\/mladez\/?p=1046"},"modified":"2025-05-04T07:53:05","modified_gmt":"2025-05-04T05:53:05","slug":"vysledky-memorial-j-dusilka-bystre","status":"publish","type":"post","link":"https:\/\/www.oshrychnov.cz\/mladez\/2025\/05\/04\/vysledky-memorial-j-dusilka-bystre\/souteze-mladeze\/","title":{"rendered":"V\u00fdsledky &#8211; Memori\u00e1l J.Dus\u00edlka Bystr\u00e9"},"content":{"rendered":"<p>Za v\u011btrn\u00e9ho po\u010das\u00ed prob\u011bhl v&nbsp;sobotu 26.&nbsp;dubna 2025 v&nbsp;Bystr\u00e9m dal\u0161\u00ed ro\u010dn\u00edk Memori\u00e1lu J.Dus\u00edlka MH v&nbsp;dicipl\u00edn\u00e1ch CTIF.<\/p>\n<p><a href=\"https:\/\/www.oshrychnov.cz\/mladez\/wp-content\/uploads\/2025\/05\/Vysledky-Pohar-CTIF-Bystre.pdf\"><strong>V\u00fdsledky<\/strong><\/a><\/p>\n","protected":false},"excerpt":{"rendered":"<p>Za v\u011btrn\u00e9ho po\u010das\u00ed prob\u011bhl v&nbsp;sobotu 26.&nbsp;dubna 2025 v&nbsp;Bystr\u00e9m dal\u0161\u00ed ro\u010dn\u00edk Memori\u00e1lu J.Dus\u00edlka MH v&nbsp;dicipl\u00edn\u00e1ch CTIF. V\u00fdsledky<\/p>\n","protected":false},"author":1,"featured_media":0,"comment_status":"closed","ping_status":"open","sticky":false,"template":"","format":"standard","meta":{"footnotes":""},"categories":[44,43],"tags":[],"class_list":["post-1046","post","type-post","status-publish","format-standard","hentry","category-liga-hasicske-mladeze","category-souteze-mladeze"],"aioseo_notices":[],"_links":{"self":[{"href":"https:\/\/www.oshrychnov.cz\/mladez\/wp-json\/wp\/v2\/posts\/1046","targetHints":{"allow":["GET"]}}],"collection":[{"href":"https:\/\/www.oshrychnov.cz\/mladez\/wp-json\/wp\/v2\/posts"}],"about":[{"href":"https:\/\/www.oshrychnov.cz\/mladez\/wp-json\/wp\/v2\/types\/post"}],"author":[{"embeddable":true,"href":"https:\/\/www.oshrychnov.cz\/mladez\/wp-json\/wp\/v2\/users\/1"}],"replies":[{"embeddable":true,"href":"https:\/\/www.oshrychnov.cz\/mladez\/wp-json\/wp\/v2\/comments?post=1046"}],"version-history":[{"count":1,"href":"https:\/\/www.oshrychnov.cz\/mladez\/wp-json\/wp\/v2\/posts\/1046\/revisions"}],"predecessor-version":[{"id":1048,"href":"https:\/\/www.oshrychnov.cz\/mladez\/wp-json\/wp\/v2\/posts\/1046\/revisions\/1048"}],"wp:attachment":[{"href":"https:\/\/www.oshrychnov.cz\/mladez\/wp-json\/wp\/v2\/media?parent=1046"}],"wp:term":[{"taxonomy":"category","embeddable":true,"href":"https:\/\/www.oshrychnov.cz\/mladez\/wp-json\/wp\/v2\/categories?post=1046"},{"taxonomy":"post_tag","embeddable":true,"href":"https:\/\/www.oshrychnov.cz\/mladez\/wp-json\/wp\/v2\/tags?post=1046"}],"curies":[{"name":"wp","href":"https:\/\/api.w.org\/{rel}","templated":true}]}}